{"id":8827,"date":"2023-10-03T00:00:00","date_gmt":"2023-10-02T22:00:00","guid":{"rendered":"https:\/\/agdatahub.withmu.fr\/2023\/10\/03\/la-planification-ecologique-dans-lagriculture-contexte-et-enjeux\/"},"modified":"2024-03-14T15:42:25","modified_gmt":"2024-03-14T14:42:25","slug":"la-planification-ecologique-dans-lagriculture-contexte-et-enjeux","status":"publish","type":"post","link":"https:\/\/agdatahub.eu\/en\/la-planification-ecologique-dans-lagriculture-contexte-et-enjeux\/","title":{"rendered":"La planification \u00e9cologique dans l\u2019agriculture\u00a0: contexte et enjeux"},"content":{"rendered":"<h2 class=\"wp-block-heading\">La planification \u00e9cologique dans l\u2019agriculture\u00a0: contexte et enjeux<\/h2>\n\n\n\n<div class=\"wp-block-columns is-layout-flex wp-container-core-columns-is-layout-28f84493 wp-block-columns-is-layout-flex\">\n<div class=\"wp-block-column is-layout-flow wp-block-column-is-layout-flow\">\n<figure class=\"wp-block-image size-full\"><img fetchpriority=\"high\" decoding=\"async\" width=\"600\" height=\"600\" src=\"https:\/\/agdatahub.eu\/wp-content\/uploads\/2023\/10\/Planification.png\" alt=\"\" class=\"wp-image-9934\" srcset=\"https:\/\/agdatahub.eu\/wp-content\/uploads\/2023\/10\/Planification.png 600w, https:\/\/agdatahub.eu\/wp-content\/uploads\/2023\/10\/Planification-300x300.png 300w, https:\/\/agdatahub.eu\/wp-content\/uploads\/2023\/10\/Planification-150x150.png 150w, https:\/\/agdatahub.eu\/wp-content\/uploads\/2023\/10\/Planification-12x12.png 12w, https:\/\/agdatahub.eu\/wp-content\/uploads\/2023\/10\/Planification-24x24.png 24w, https:\/\/agdatahub.eu\/wp-content\/uploads\/2023\/10\/Planification-36x36.png 36w, https:\/\/agdatahub.eu\/wp-content\/uploads\/2023\/10\/Planification-48x48.png 48w\" sizes=\"(max-width: 600px) 100vw, 600px\" \/><\/figure>\n<\/div>\n\n\n\n<div class=\"wp-block-column is-layout-flow wp-block-column-is-layout-flow\">\n<table class=\"r23-o\" role=\"presentation\" border=\"0\" width=\"100%\" cellspacing=\"0\" cellpadding=\"0\">\n<tbody>\n<tr>\n<td class=\"r25-i nl2go-default-textstyle\" align=\"left\" valign=\"top\">\n<div>\n<p><strong>Le Pr\u00e9sident de la R\u00e9publique, Emmanuel Macron, a annonc\u00e9 le 25 septembre les d\u00e9tails de la planification \u00e9cologique. Avec 19 % des \u00e9missions nationales (c\u2019est-\u00e0-dire importations exclues), l\u2019agriculture est le deuxi\u00e8me secteur \u00e9metteur de gaz \u00e0 effet de serre (GES). Un \u00e9tat de fait qui la rend \u00e9videmment directement concern\u00e9e par ce chantier d\u2019ampleur.\u00a0<\/strong><\/p>\n<\/div>\n<\/td>\n<\/tr>\n<tr class=\"nl2go-responsive-hide\">\n<td height=\"10\">\u00ad<\/td>\n<\/tr>\n<\/tbody>\n<\/table>\n<\/div>\n<\/div>\n\n\n\n<p>La&nbsp;<strong>r\u00e9duction des \u00e9missions de gaz \u00e0 effet de serre<\/strong>&nbsp;(GES) est un enjeu strat\u00e9gique de la planification \u00e9cologique, dans l\u2019agriculture comme dans les autres secteurs. Cependant,&nbsp;<strong>mettre en place une v\u00e9ritable d\u00e9marche de planification \u00e9cologique<\/strong>&nbsp;ne saurait se r\u00e9sumer \u00e0 ce seul domaine. Dans le secteur agricole, en effet, les enjeux sont multiples.&nbsp;<\/p>\n\n\n\n<p>Sur le plan g\u00e9ostrat\u00e9gique, tout d\u2019abord,&nbsp;<strong>la question de la souverainet\u00e9 alimentaire<\/strong>&nbsp;\u2013 et avec elle, celles des exportations et importations \u2013 est centrale. A cela s\u2019ajoute un enjeu \u00e9conomique fort autour des nombreuses exploitations en souffrance, de la&nbsp;<strong>juste r\u00e9mun\u00e9ration des agriculteurs<\/strong>&nbsp;et du&nbsp;<strong>partage de la valeur ajout\u00e9e<\/strong>&nbsp;tout au long de la cha\u00eene de production.&nbsp;<\/p>\n\n\n\n<p>La planification \u00e9cologique induit par ailleurs une n\u00e9cessaire&nbsp;<strong>adaptation des cultures au changement climatique<\/strong>, par lequel l\u2019agriculture est l\u2019un des premiers et plus durement secteurs touch\u00e9s, tant sur les rendements que sur la disponibilit\u00e9 de la ressource eau.&nbsp;<\/p>\n\n\n\n<p>Le secteur est \u00e9galement l\u2019une des premi\u00e8res victimes des \u00e9v\u00e9nements exceptionnels (intemp\u00e9ries, incendies, s\u00e9cheresse, etc.). Il doit aussi faire face \u00e0 l\u2019apparition de nouvelles maladies qui affectent les cultures. Enfin, la question de l\u2019impact des produits phytosanitaires sur la biodiversit\u00e9 et les \u00e9cosyst\u00e8mes constitue \u00e9galement un enjeu de taille.<\/p>\n\n\n\n<p><strong>Des objectifs ambitieux pour le secteur agricole<\/strong><\/p>\n\n\n\n<p>Parler de planification \u00e9cologique en agriculture, c\u2019est donc prendre en compte tous ces aspects. De fait, le plan France Nation Verte,&nbsp;<a href=\"https:\/\/www.gouvernement.fr\/france-nation-verte\">dont la synth\u00e8se a \u00e9t\u00e9 d\u00e9voil\u00e9e en juillet dernier<\/a>, identifie en effet 6 familles (ou th\u00e9matiques) pour agir<em>.&nbsp;<\/em>Deux d\u2019entre elles concernent directement les enjeux du secteur agricole&nbsp;:&nbsp;<\/p>\n\n\n\n<ul class=\"wp-block-list\">\n<li><strong>Mieux pr\u00e9server et valoriser nos \u00e9cosyst\u00e8mes<\/strong>, notamment via la protection et la restauration de la biodiversit\u00e9 et des sols et la pr\u00e9servation de la ressource eau&nbsp;;<\/li>\n\n\n\n<li><strong>Mieux se nourrir<\/strong>, notamment via la baisse des \u00e9missions de gaz \u00e0 effet de serre (GES) li\u00e9es \u00e0 l\u2019agriculture, une production agricole plus durable, une \u00e9volution de l\u2019alimentation.<\/li>\n<\/ul>\n\n\n\n<p>A titre d\u2019exemple, parmi les grands objectifs cibl\u00e9s dans le point d\u2019\u00e9tape r\u00e9alis\u00e9 quelques semaines avant la publication de cette synth\u00e8se figurent notamment la multiplication par 2 de la surface en agriculture biologique, le doublement des cultures de l\u00e9gumineuses, la multiplication par 5 des terres arables en agroforesterie ou encore la diminution de 15 % de la consommation \u00e9nerg\u00e9tique des tracteurs.&nbsp;<\/p>\n\n\n\n<p>Si l\u2019on ne saurait reprocher \u00e0 ce sc\u00e9nario son ambition, il pose la question des moyens allou\u00e9s pour le mettre en \u0153uvre dans le secteur agricole.&nbsp;<\/p>\n\n\n\n<p><strong>Les leviers pour financer la planification \u00e9cologique<\/strong><\/p>\n\n\n\n<p>Pour financer cette participation \u00e0 l\u2019effort collectif, le ministre de l\u2019Agriculture Marc Fesneau annon\u00e7ait le 10 septembre 2023 une augmentation du budget de la Nation consacr\u00e9 \u00e0 l\u2019agriculture de pr\u00e8s d\u2019un milliard d\u2019euros pour 2024 (qui viendra donc s\u2019ajouter aux 5,9 milliards du budget agricole pour 2023). Reste \u00e0 savoir comment les acteurs du secteur b\u00e9n\u00e9ficieront de cette enveloppe.<\/p>\n\n\n\n<p>De leur c\u00f4t\u00e9, les exploitations agricoles peuvent b\u00e9n\u00e9ficier de&nbsp;<strong>trois grands ensembles de mesures de financement<\/strong>&nbsp;:<\/p>\n\n\n\n<ul class=\"wp-block-list\">\n<li>Le&nbsp;<strong>cr\u00e9dit carbone<\/strong>&nbsp;via le \u00ab&nbsp;Label Bas Carbone&nbsp;\u00bb&nbsp;qui propose des outils de certification carbone national afin de r\u00e9mun\u00e9rer une s\u00e9questration de carbone ou une r\u00e9duction des \u00e9missions de GES. Le label est pilot\u00e9 par le minist\u00e8re de la Transition \u00e9cologique qui a approuv\u00e9&nbsp;<a href=\"https:\/\/agriculture.gouv.fr\/les-methodes-agricoles-du-label-bas-carbone\">6 m\u00e9thodes<\/a>.<\/li>\n\n\n\n<li>Les&nbsp;<strong>primes fili\u00e8res<\/strong>&nbsp;port\u00e9es par des industries agroalimentaires qui souhaitent r\u00e9duire les \u00e9missions de GES en amont de leur activit\u00e9 en r\u00e9mun\u00e9rant les exploitations qui mettent en place des pratiques vertueuses et durables. C\u2019est le cas par exemple de la fili\u00e8re ol\u00e9agineuse via le groupe Avril qui revend les graines durables plus cher et redistribue la valeur ajout\u00e9e aux agriculteurs&nbsp;<em>(voir le focus<\/em>&nbsp;\u00ab&nbsp;<em>Ag Data Hub et ses partenaires&nbsp;: des mises en pratique vertueuses&nbsp;\u00bb<\/em>).<\/li>\n\n\n\n<li>La nouvelle&nbsp;<strong>PAC<\/strong>&nbsp;via des subventions qui peuvent financer une partie de cette transition par exemple pour la mise en place de structures agro\u00e9cologiques, l\u2019adoption de pratiques vertueuses (comme la mise en place de couverts inter-rang) ou la certification des exploitations.&nbsp;<\/li>\n<\/ul>\n\n\n\n<p><strong>La data au c\u0153ur des mesures d\u2019impact et de financement<\/strong><\/p>\n\n\n\n<p>Pour mettre en place toutes ces mesures, les&nbsp;<strong>donn\u00e9es du secteur agricole<\/strong>&nbsp;jouent \u00e9videmment un&nbsp;<strong>r\u00f4le central<\/strong>. En effet, le plan France Nation Verte pr\u00e9voit un certain nombre de&nbsp;<strong>\u00ab&nbsp;mesures d\u2019impact&nbsp;\u00bb<\/strong>&nbsp;pour chacune des grandes th\u00e9matiques identifi\u00e9es.&nbsp;<\/p>\n\n\n\n<p>Parmi les premiers indicateurs pr\u00e9vus pour&nbsp;<strong>suivre \u00ab&nbsp;l\u2019am\u00e9lioration de nos \u00e9cosyst\u00e8mes&nbsp;\u00bb<\/strong>&nbsp;figurent par exemple l\u2019\u00e9volution nette des surfaces en prairies et les kilom\u00e8tres lin\u00e9aires de haies.&nbsp;<\/p>\n\n\n\n<p>Pour&nbsp;<strong>\u00ab&nbsp;suivre les progr\u00e8s de notre agriculture et de notre alimentation&nbsp;\u00bb<\/strong>, ce sont les surfaces de cultures en l\u00e9gumineuses, la part de la surface agricole utile en agriculture biologique, les \u00e9missions CH4 de l\u2019\u00e9levage ou encore les \u00e9missions des engins, moteurs et chaudi\u00e8res agricoles et sylvicoles qui ont \u00e9t\u00e9 notamment identifi\u00e9es.&nbsp;<\/p>\n\n\n\n<p>Or, seules les donn\u00e9es issues du secteur, et plus particuli\u00e8rement des exploitations agricoles, pourront permettre de mesurer cet impact des pratiques et son \u00e9volution. Un d\u00e9fi dans lequel Agdatahub compte bien accompagner ses partenaires&nbsp;<em>(voir encadr\u00e9 ci-apr\u00e8s \u00ab&nbsp;Agdatahub engag\u00e9 pour une nation verte&nbsp;\u00bb).<\/em><\/p>\n\n\n\n<p>Pour en savoir plus, voir article&nbsp;<em>\u00ab&nbsp;Les data au c\u0153ur de la planification \u00e9cologique&nbsp;\u00bb).<\/em><\/p>\n\n\n\n<p><strong>Le saviez-vous&nbsp;?<\/strong><\/p>\n\n\n\n<p>Dans le secteur agricole, le CO<sub>2<\/sub>&nbsp;n\u2019est pas le GES le plus \u00e9mis. Il s\u2019agit du m\u00e9thane (principalement li\u00e9 \u00e0 l\u2019\u00e9levage) et du protoxyde d\u2019azote (principalement li\u00e9 aux engrais). L\u2019objectif cibl\u00e9 dans la planification \u00e9cologique est de r\u00e9duire les \u00e9missions de ces GES de 81 Mt CO<sub>2<\/sub>e\/an en 2022 \u00e0 68 MtCO<sub>2<\/sub>e\/an en 2030.<\/p>\n\n\n\n<p><strong>Agdatahub engag\u00e9 pour une \u00ab&nbsp;France Nation Verte&nbsp;\u00bb<\/strong><\/p>\n\n\n\n<p>En tant&nbsp;que plateforme candidate au statut d\u2019interm\u00e9diation de donn\u00e9es agricoles et agroalimentaires, Agdatahub a pour objectif principal de garantir l\u2019origine des donn\u00e9es et des algorithmes pour s\u00e9curiser les diagnostics&nbsp;<em>(voir article \u00ab&nbsp;Les data au c\u0153ur de la planification \u00e9cologique&nbsp;\u00bb)&nbsp;<\/em>et donc, les productions durables. L\u2019identification, la mutualisation et la valorisation de ces donn\u00e9es permet en effet aux acteurs du secteur agricole de travailler ensemble dans cette d\u00e9marche de transition \u00e9cologique.<\/p>\n\n\n\n<p>Agdatahub s\u2019inscrit ainsi pleinement dans la strat\u00e9gie d\u2019identification des donn\u00e9es et des algorithmes pour s\u00e9curiser l\u2019\u00e9mission des cr\u00e9dits carbone voulue par le Gouvernement.&nbsp;Cette strat\u00e9gie repose sur trois \u00e9tapes :&nbsp;<\/p>\n\n\n\n<ul class=\"wp-block-list\">\n<li>un diagnostic de la situation actuelle \u00e0 l&rsquo;aide de donn\u00e9es fiables et certifi\u00e9es,&nbsp;<\/li>\n\n\n\n<li>une projection \u00e0 moyen terme de r\u00e9duction ou de stockage de carbone avec un suivi r\u00e9gulier par des conseillers,&nbsp;<\/li>\n\n\n\n<li>un financement par le secteur priv\u00e9 via l&rsquo;achat de cr\u00e9dits certifi\u00e9s par l&rsquo;\u00c9tat.&nbsp;<\/li>\n<\/ul>\n\n\n\n<p>Cette strat\u00e9gie pose la question transverse de la construction de mod\u00e8les standards de donn\u00e9es et d&rsquo;algorithmes pour les partager et les traiter.<\/p>\n\n\n\n<p>Agdatahub dispose de l\u2019expertise n\u00e9cessaire pour accompagner chacune de ces \u00e9tapes&nbsp;: fournir un acc\u00e8s s\u00e9curis\u00e9aux organismes g\u00e9n\u00e9rant et fournissant des donn\u00e9es agricoles&nbsp;; contribuer \u00e0 la standardisation des mod\u00e8les de donn\u00e9es en tant qu\u2019op\u00e9rateur technique de l\u2019association Numagri, et \u00e0 la structuration de la collecte des donn\u00e9es n\u00e9cessaires aux outils d\u2019aide \u00e0 la d\u00e9cision (OAD) permettant d\u2019optimiser leur utilisation chez les agriculteurs.<\/p>","protected":false},"excerpt":{"rendered":"<p>Le Pr\u00e9sident de la R\u00e9publique, Emmanuel Macron, a annonc\u00e9 le 25 septembre les d\u00e9tails de la planification \u00e9cologique. Avec 19 % des \u00e9missions nationales (c\u2019est-\u00e0-dire importations exclues), l\u2019agriculture est le deuxi\u00e8me secteur \u00e9metteur de gaz \u00e0 effet de serre (GES). Un \u00e9tat de fait qui la rend \u00e9videmment directement concern\u00e9e par ce chantier d\u2019ampleur.<\/p>","protected":false},"author":1,"featured_media":9934,"comment_status":"open","ping_status":"open","sticky":false,"template":"","format":"standard","meta":{"footnotes":""},"categories":[63],"tags":[],"class_list":["post-8827","post","type-post","status-publish","format-standard","has-post-thumbnail","hentry","category-article"],"_links":{"self":[{"href":"https:\/\/agdatahub.eu\/en\/wp-json\/wp\/v2\/posts\/8827","targetHints":{"allow":["GET"]}}],"collection":[{"href":"https:\/\/agdatahub.eu\/en\/wp-json\/wp\/v2\/posts"}],"about":[{"href":"https:\/\/agdatahub.eu\/en\/wp-json\/wp\/v2\/types\/post"}],"author":[{"embeddable":true,"href":"https:\/\/agdatahub.eu\/en\/wp-json\/wp\/v2\/users\/1"}],"replies":[{"embeddable":true,"href":"https:\/\/agdatahub.eu\/en\/wp-json\/wp\/v2\/comments?post=8827"}],"version-history":[{"count":0,"href":"https:\/\/agdatahub.eu\/en\/wp-json\/wp\/v2\/posts\/8827\/revisions"}],"wp:featuredmedia":[{"embeddable":true,"href":"https:\/\/agdatahub.eu\/en\/wp-json\/wp\/v2\/media\/9934"}],"wp:attachment":[{"href":"https:\/\/agdatahub.eu\/en\/wp-json\/wp\/v2\/media?parent=8827"}],"wp:term":[{"taxonomy":"category","embeddable":true,"href":"https:\/\/agdatahub.eu\/en\/wp-json\/wp\/v2\/categories?post=8827"},{"taxonomy":"post_tag","embeddable":true,"href":"https:\/\/agdatahub.eu\/en\/wp-json\/wp\/v2\/tags?post=8827"}],"curies":[{"name":"wp","href":"https:\/\/api.w.org\/{rel}","templated":true}]}}